{"id":33978,"date":"2026-03-02T15:05:00","date_gmt":"2026-03-02T14:05:00","guid":{"rendered":"https:\/\/gruene-flotte.com\/carsharing\/?p=33978"},"modified":"2026-03-02T15:15:08","modified_gmt":"2026-03-02T14:15:08","slug":"neue-stationen-winterhinweise-und-mehr-platz-fuer-eure-urlaubsplanung","status":"publish","type":"post","link":"https:\/\/gruene-flotte.com\/carsharing\/2026\/03\/02\/neue-stationen-winterhinweise-und-mehr-platz-fuer-eure-urlaubsplanung\/","title":{"rendered":"Neue Stationen, Winterhinweise und mehr Platz f\u00fcr eure Urlaubsplanung"},"content":{"rendered":"<h2>Flottenupdate Februar 2026<\/h2>\n<p>Der Februar bringt nicht nur n\u00e4rrische Tage in der Region \u2013 auch bei uns gibt es wieder Neuigkeiten. Mit neuen Stationen, wichtigen Winterhinweisen und zus\u00e4tzlichen Fahrzeugen starten wir weiter ins Jahr.<\/p>\n<h3>Neue Carsharing-Stationen in Freiburg<\/h3>\n<p>Unser Stationsnetz w\u00e4chst weiter. Ab sofort stehen euch Fahrzeuge auch an folgenden Standorten zur Verf\u00fcgung:<\/p>\n<ul>\n<li>Matthias-Erzberger-Stra\u00dfe<\/li>\n<li>Sandstra\u00dfe 13<\/li>\n<\/ul>\n<p>Beide Stationen sind bereits in der App sichtbar und buchbar. Damit verbessern wir die Abdeckung in den angrenzenden Wohn- und Arbeitsgebieten und verk\u00fcrzen die Wege zum n\u00e4chsten Fahrzeug.<\/p>\n<p>&nbsp;<\/p>\n<h3>Sicher unterwegs im Winter<\/h3>\n<p>Auch bestehende Standorte entwickeln wir weiter. In der Merzhauserstra\u00dfe im Stadtteil Vauban haben wir die Stellpl\u00e4tze neu organisiert.<\/p>\n<p>Auch wenn die Tage langsam l\u00e4nger werden: Der Winter ist noch nicht vorbei. Bitte fahrt weiterhin umsichtig und vorausschauend \u2013 besonders beim Ein- und Ausparken sowie auf l\u00e4ngeren \u00dcberlandfahrten.<\/p>\n<p>Bei Schnee, gefrierender N\u00e4sse oder schlechter Sicht gilt: Fahrt erst los, wenn eure Sicht rundum vollst\u00e4ndig frei ist. In allen Fahrzeugen liegen Eiskratzer bereit. Nutzt au\u00dferdem die Front- und Heckscheibenheizung, um schnell f\u00fcr klare Sicht zu sorgen.<\/p>\n<p>Plant gerade bei winterlichen Bedingungen etwas mehr Zeit ein. Eine entspannte und defensive Fahrweise erh\u00f6ht die Sicherheit f\u00fcr alle Verkehrsteilnehmenden.<\/p>\n<p>&nbsp;<\/p>\n<h3>Vignette f\u00fcr die Schweiz<\/h3>\n<p>Zum Jahresbeginn erreichen uns regelm\u00e4\u00dfig Fragen zur Schweizer Autobahnvignette.<\/p>\n<p>Solltet ihr ein Fahrzeug ohne g\u00fcltige Vignette vorfinden und eine Fahrt in die Schweiz planen, kauft bitte die klassische Klebevignette. Die digitale Variante ist in diesem Fall nicht geeignet.<\/p>\n<p>Den Betrag erstatten wir euch selbstverst\u00e4ndlich zur\u00fcck. Daf\u00fcr ben\u00f6tigen wir lediglich den Kaufbeleg sowie eine kurze Information zur Fahrt. Diese k\u00f6nnt ihr uns per Mail, \u00fcber die App oder per Post zukommen lassen.<\/p>\n<p>Fahrzeuge mit vorhandener Vignette findet ihr in der App \u00fcber die Detailsuche mit dem Stichwort \u201eVignette Schweiz\u201c.<\/p>\n<p>&nbsp;<\/p>\n<h3>Mehr Platz f\u00fcr Familie und Urlaub<\/h3>\n<p>Viele von euch haben sich mehr Fahrzeuge mit gro\u00dfz\u00fcgigem Platzangebot gew\u00fcnscht. Deshalb werden aktuell die ersten Ford Tourneo Courier eingeflottet.<\/p>\n<p>Die Modelle bieten f\u00fcnf Sitzpl\u00e4tze, einen besonders gro\u00dfen Kofferraum und zwei praktische Schiebet\u00fcren. Damit eignen sie sich ideal f\u00fcr Familien, Urlaubsfahrten oder Transporte mit viel Gep\u00e4ck.<\/p>\n<p>Die Fahrzeuge werden derzeit vorbereitet und stehen in K\u00fcrze zur Buchung bereit. Wer bereits Ferien oder l\u00e4ngere Fahrten plant, kann sich schon jetzt sein Wunschfahrzeug in der App sichern.<\/p>\n<p>&nbsp;<\/p>\n<h3>Urlaubsplanung l\u00e4uft?<\/h3>\n<p>Unsere Fahrzeuge sind bis zu 9 Monate im Voraus buchbar.<br \/>\nL\u00e4nger als 16 Tage? Buchen wir f\u00fcr euch im Kundenservice.<br \/>\nAuslandsfahrten? Klar!<br \/>\nKostenlos stornieren? Bis 1 Stunde vor Buchungsbeginn m\u00f6glich.<\/p>\n<p>Und ja \u2013 unsere Camperflotte wartet auch auf euch. \u00dcber 30 Camper &amp; Wohnmobile stehen bereit.<\/p>\n<p>Mit dem Ausbau unserer Stationen und Flotte sowie klaren Hinweisen und Neuerungen m\u00f6chten wir euch wie gewohnt ein zuverl\u00e4ssiges und komfortables Carsharing-Angebot in Freiburg und Bonn bzw. Siegburg bieten.<\/p>\n","protected":false},"excerpt":{"rendered":"<p>Flottenupdate Februar 2026 Der Februar bringt nicht nur n\u00e4rrische Tage in der Region \u2013 auch bei uns gibt es wieder Neuigkeiten. Mit neuen Stationen, wichtigen Winterhinweisen und zus\u00e4tzlichen Fahrzeugen starten wir weiter ins Jahr. Neue Carsharing-Stationen in Freiburg Unser Stationsnetz w\u00e4chst weiter. Ab sofort stehen euch Fahrzeuge auch an folgenden Standorten zur Verf\u00fcgung: Matthias-Erzberger-Stra\u00dfe Sandstra\u00dfe [&hellip;]<\/p>\n","protected":false},"author":3,"featured_media":33979,"comment_status":"closed","ping_status":"open","sticky":false,"template":"","format":"standard","meta":{"_acf_changed":false,"_et_pb_use_builder":"off","_et_pb_old_content":"","_et_gb_content_width":"","inline_featured_image":false,"footnotes":""},"categories":[1],"tags":[],"class_list":["post-33978","post","type-post","status-publish","format-standard","has-post-thumbnail","hentry","category-allgemein"],"acf":[],"yoast_head":"<!-- This site is optimized with the Yoast SEO plugin v24.0 - https:\/\/yoast.com\/wordpress\/plugins\/seo\/ -->\n<title>Flottenupdate - Gr\u00fcne Flotte Carsharing<\/title>\n<meta name=\"description\" content=\"Unsere neuen Carsharing Fahrzeuge sind absofort &quot;Smartphone Only&quot;. Diese Fahrzeuge k\u00f6nnen nur mit dem Smartphone ge\u00f6ffnet werden.\" \/>\n<meta name=\"robots\" content=\"index, follow, max-snippet:-1, max-image-preview:large, max-video-preview:-1\" \/>\n<link rel=\"canonical\" href=\"https:\/\/gruene-flotte.com\/carsharing\/2026\/03\/02\/neue-stationen-winterhinweise-und-mehr-platz-fuer-eure-urlaubsplanung\/\" \/>\n<meta property=\"og:locale\" content=\"de_DE\" \/>\n<meta property=\"og:type\" content=\"article\" \/>\n<meta property=\"og:title\" content=\"Flottenupdate - Gr\u00fcne Flotte Carsharing\" \/>\n<meta property=\"og:description\" content=\"Unsere neuen Carsharing Fahrzeuge sind absofort &quot;Smartphone Only&quot;. Diese Fahrzeuge k\u00f6nnen nur mit dem Smartphone ge\u00f6ffnet werden.\" \/>\n<meta property=\"og:url\" content=\"https:\/\/gruene-flotte.com\/carsharing\/2026\/03\/02\/neue-stationen-winterhinweise-und-mehr-platz-fuer-eure-urlaubsplanung\/\" \/>\n<meta property=\"og:site_name\" content=\"Gr\u00fcne Flotte Carsharing\" \/>\n<meta property=\"article:published_time\" content=\"2026-03-02T14:05:00+00:00\" \/>\n<meta property=\"article:modified_time\" content=\"2026-03-02T14:15:08+00:00\" \/>\n<meta property=\"og:image\" content=\"https:\/\/gruene-flotte.com\/carsharing\/wp-content\/uploads\/sites\/5\/2026\/03\/Flotten-Update-Februar-26-in-App.png\" \/>\n\t<meta property=\"og:image:width\" content=\"1080\" \/>\n\t<meta property=\"og:image:height\" content=\"608\" \/>\n\t<meta property=\"og:image:type\" content=\"image\/png\" \/>\n<meta name=\"author\" content=\"khri8\" \/>\n<meta name=\"twitter:card\" content=\"summary_large_image\" \/>\n<meta name=\"twitter:label1\" content=\"Verfasst von\" \/>\n\t<meta name=\"twitter:data1\" content=\"khri8\" \/>\n\t<meta name=\"twitter:label2\" content=\"Gesch\u00e4tzte Lesezeit\" \/>\n\t<meta name=\"twitter:data2\" content=\"3\u00a0Minuten\" \/>\n<script type=\"application\/ld+json\" class=\"yoast-schema-graph\">{\"@context\":\"https:\/\/schema.org\",\"@graph\":[{\"@type\":\"Article\",\"@id\":\"https:\/\/gruene-flotte.com\/carsharing\/2026\/03\/02\/neue-stationen-winterhinweise-und-mehr-platz-fuer-eure-urlaubsplanung\/#article\",\"isPartOf\":{\"@id\":\"https:\/\/gruene-flotte.com\/carsharing\/2026\/03\/02\/neue-stationen-winterhinweise-und-mehr-platz-fuer-eure-urlaubsplanung\/\"},\"author\":{\"name\":\"khri8\",\"@id\":\"https:\/\/gruene-flotte.com\/carsharing\/#\/schema\/person\/166eb9c5ff6965d0382a546b6801bb20\"},\"headline\":\"Neue Stationen, Winterhinweise und mehr Platz f\u00fcr eure Urlaubsplanung\",\"datePublished\":\"2026-03-02T14:05:00+00:00\",\"dateModified\":\"2026-03-02T14:15:08+00:00\",\"mainEntityOfPage\":{\"@id\":\"https:\/\/gruene-flotte.com\/carsharing\/2026\/03\/02\/neue-stationen-winterhinweise-und-mehr-platz-fuer-eure-urlaubsplanung\/\"},\"wordCount\":491,\"publisher\":{\"@id\":\"https:\/\/gruene-flotte.com\/carsharing\/#organization\"},\"image\":{\"@id\":\"https:\/\/gruene-flotte.com\/carsharing\/2026\/03\/02\/neue-stationen-winterhinweise-und-mehr-platz-fuer-eure-urlaubsplanung\/#primaryimage\"},\"thumbnailUrl\":\"https:\/\/gruene-flotte.com\/carsharing\/wp-content\/uploads\/sites\/5\/2026\/03\/Flotten-Update-Februar-26-in-App.png\",\"inLanguage\":\"de\"},{\"@type\":\"WebPage\",\"@id\":\"https:\/\/gruene-flotte.com\/carsharing\/2026\/03\/02\/neue-stationen-winterhinweise-und-mehr-platz-fuer-eure-urlaubsplanung\/\",\"url\":\"https:\/\/gruene-flotte.com\/carsharing\/2026\/03\/02\/neue-stationen-winterhinweise-und-mehr-platz-fuer-eure-urlaubsplanung\/\",\"name\":\"Flottenupdate - Gr\u00fcne Flotte Carsharing\",\"isPartOf\":{\"@id\":\"https:\/\/gruene-flotte.com\/carsharing\/#website\"},\"primaryImageOfPage\":{\"@id\":\"https:\/\/gruene-flotte.com\/carsharing\/2026\/03\/02\/neue-stationen-winterhinweise-und-mehr-platz-fuer-eure-urlaubsplanung\/#primaryimage\"},\"image\":{\"@id\":\"https:\/\/gruene-flotte.com\/carsharing\/2026\/03\/02\/neue-stationen-winterhinweise-und-mehr-platz-fuer-eure-urlaubsplanung\/#primaryimage\"},\"thumbnailUrl\":\"https:\/\/gruene-flotte.com\/carsharing\/wp-content\/uploads\/sites\/5\/2026\/03\/Flotten-Update-Februar-26-in-App.png\",\"datePublished\":\"2026-03-02T14:05:00+00:00\",\"dateModified\":\"2026-03-02T14:15:08+00:00\",\"description\":\"Unsere neuen Carsharing Fahrzeuge sind absofort \\\"Smartphone Only\\\". Diese Fahrzeuge k\u00f6nnen nur mit dem Smartphone ge\u00f6ffnet werden.\",\"breadcrumb\":{\"@id\":\"https:\/\/gruene-flotte.com\/carsharing\/2026\/03\/02\/neue-stationen-winterhinweise-und-mehr-platz-fuer-eure-urlaubsplanung\/#breadcrumb\"},\"inLanguage\":\"de\",\"potentialAction\":[{\"@type\":\"ReadAction\",\"target\":[\"https:\/\/gruene-flotte.com\/carsharing\/2026\/03\/02\/neue-stationen-winterhinweise-und-mehr-platz-fuer-eure-urlaubsplanung\/\"]}]},{\"@type\":\"ImageObject\",\"inLanguage\":\"de\",\"@id\":\"https:\/\/gruene-flotte.com\/carsharing\/2026\/03\/02\/neue-stationen-winterhinweise-und-mehr-platz-fuer-eure-urlaubsplanung\/#primaryimage\",\"url\":\"https:\/\/gruene-flotte.com\/carsharing\/wp-content\/uploads\/sites\/5\/2026\/03\/Flotten-Update-Februar-26-in-App.png\",\"contentUrl\":\"https:\/\/gruene-flotte.com\/carsharing\/wp-content\/uploads\/sites\/5\/2026\/03\/Flotten-Update-Februar-26-in-App.png\",\"width\":1080,\"height\":608},{\"@type\":\"BreadcrumbList\",\"@id\":\"https:\/\/gruene-flotte.com\/carsharing\/2026\/03\/02\/neue-stationen-winterhinweise-und-mehr-platz-fuer-eure-urlaubsplanung\/#breadcrumb\",\"itemListElement\":[{\"@type\":\"ListItem\",\"position\":1,\"name\":\"Startseite\",\"item\":\"https:\/\/gruene-flotte.com\/carsharing\/\"},{\"@type\":\"ListItem\",\"position\":2,\"name\":\"Neue Stationen, Winterhinweise und mehr Platz f\u00fcr eure Urlaubsplanung\"}]},{\"@type\":\"WebSite\",\"@id\":\"https:\/\/gruene-flotte.com\/carsharing\/#website\",\"url\":\"https:\/\/gruene-flotte.com\/carsharing\/\",\"name\":\"Gr\u00fcne Flotte Carsharing\",\"description\":\"Flexibel. Nachhaltig. Mobil.\",\"publisher\":{\"@id\":\"https:\/\/gruene-flotte.com\/carsharing\/#organization\"},\"potentialAction\":[{\"@type\":\"SearchAction\",\"target\":{\"@type\":\"EntryPoint\",\"urlTemplate\":\"https:\/\/gruene-flotte.com\/carsharing\/?s={search_term_string}\"},\"query-input\":{\"@type\":\"PropertyValueSpecification\",\"valueRequired\":true,\"valueName\":\"search_term_string\"}}],\"inLanguage\":\"de\"},{\"@type\":\"Organization\",\"@id\":\"https:\/\/gruene-flotte.com\/carsharing\/#organization\",\"name\":\"Gr\u00fcne Flotte Carsharing\",\"url\":\"https:\/\/gruene-flotte.com\/carsharing\/\",\"logo\":{\"@type\":\"ImageObject\",\"inLanguage\":\"de\",\"@id\":\"https:\/\/gruene-flotte.com\/carsharing\/#\/schema\/logo\/image\/\",\"url\":\"https:\/\/gruene-flotte.com\/carsharing\/wp-content\/uploads\/sites\/5\/2023\/08\/carsharing-gruene-flotte-unternehmen-firmen.jpg\",\"contentUrl\":\"https:\/\/gruene-flotte.com\/carsharing\/wp-content\/uploads\/sites\/5\/2023\/08\/carsharing-gruene-flotte-unternehmen-firmen.jpg\",\"width\":1920,\"height\":1280,\"caption\":\"Gr\u00fcne Flotte Carsharing\"},\"image\":{\"@id\":\"https:\/\/gruene-flotte.com\/carsharing\/#\/schema\/logo\/image\/\"}},{\"@type\":\"Person\",\"@id\":\"https:\/\/gruene-flotte.com\/carsharing\/#\/schema\/person\/166eb9c5ff6965d0382a546b6801bb20\",\"name\":\"khri8\",\"image\":{\"@type\":\"ImageObject\",\"inLanguage\":\"de\",\"@id\":\"https:\/\/gruene-flotte.com\/carsharing\/#\/schema\/person\/image\/\",\"url\":\"https:\/\/secure.gravatar.com\/avatar\/db448a9e7ff7d6ac241e69e1dd321095?s=96&d=mm&r=g\",\"contentUrl\":\"https:\/\/secure.gravatar.com\/avatar\/db448a9e7ff7d6ac241e69e1dd321095?s=96&d=mm&r=g\",\"caption\":\"khri8\"},\"url\":\"https:\/\/gruene-flotte.com\/carsharing\/author\/khri8\/\"}]}<\/script>\n<!-- \/ Yoast SEO plugin. -->","yoast_head_json":{"title":"Flottenupdate - Gr\u00fcne Flotte Carsharing","description":"Unsere neuen Carsharing Fahrzeuge sind absofort \"Smartphone Only\". Diese Fahrzeuge k\u00f6nnen nur mit dem Smartphone ge\u00f6ffnet werden.","robots":{"index":"index","follow":"follow","max-snippet":"max-snippet:-1","max-image-preview":"max-image-preview:large","max-video-preview":"max-video-preview:-1"},"canonical":"https:\/\/gruene-flotte.com\/carsharing\/2026\/03\/02\/neue-stationen-winterhinweise-und-mehr-platz-fuer-eure-urlaubsplanung\/","og_locale":"de_DE","og_type":"article","og_title":"Flottenupdate - Gr\u00fcne Flotte Carsharing","og_description":"Unsere neuen Carsharing Fahrzeuge sind absofort \"Smartphone Only\". Diese Fahrzeuge k\u00f6nnen nur mit dem Smartphone ge\u00f6ffnet werden.","og_url":"https:\/\/gruene-flotte.com\/carsharing\/2026\/03\/02\/neue-stationen-winterhinweise-und-mehr-platz-fuer-eure-urlaubsplanung\/","og_site_name":"Gr\u00fcne Flotte Carsharing","article_published_time":"2026-03-02T14:05:00+00:00","article_modified_time":"2026-03-02T14:15:08+00:00","og_image":[{"width":1080,"height":608,"url":"https:\/\/gruene-flotte.com\/carsharing\/wp-content\/uploads\/sites\/5\/2026\/03\/Flotten-Update-Februar-26-in-App.png","type":"image\/png"}],"author":"khri8","twitter_card":"summary_large_image","twitter_misc":{"Verfasst von":"khri8","Gesch\u00e4tzte Lesezeit":"3\u00a0Minuten"},"schema":{"@context":"https:\/\/schema.org","@graph":[{"@type":"Article","@id":"https:\/\/gruene-flotte.com\/carsharing\/2026\/03\/02\/neue-stationen-winterhinweise-und-mehr-platz-fuer-eure-urlaubsplanung\/#article","isPartOf":{"@id":"https:\/\/gruene-flotte.com\/carsharing\/2026\/03\/02\/neue-stationen-winterhinweise-und-mehr-platz-fuer-eure-urlaubsplanung\/"},"author":{"name":"khri8","@id":"https:\/\/gruene-flotte.com\/carsharing\/#\/schema\/person\/166eb9c5ff6965d0382a546b6801bb20"},"headline":"Neue Stationen, Winterhinweise und mehr Platz f\u00fcr eure Urlaubsplanung","datePublished":"2026-03-02T14:05:00+00:00","dateModified":"2026-03-02T14:15:08+00:00","mainEntityOfPage":{"@id":"https:\/\/gruene-flotte.com\/carsharing\/2026\/03\/02\/neue-stationen-winterhinweise-und-mehr-platz-fuer-eure-urlaubsplanung\/"},"wordCount":491,"publisher":{"@id":"https:\/\/gruene-flotte.com\/carsharing\/#organization"},"image":{"@id":"https:\/\/gruene-flotte.com\/carsharing\/2026\/03\/02\/neue-stationen-winterhinweise-und-mehr-platz-fuer-eure-urlaubsplanung\/#primaryimage"},"thumbnailUrl":"https:\/\/gruene-flotte.com\/carsharing\/wp-content\/uploads\/sites\/5\/2026\/03\/Flotten-Update-Februar-26-in-App.png","inLanguage":"de"},{"@type":"WebPage","@id":"https:\/\/gruene-flotte.com\/carsharing\/2026\/03\/02\/neue-stationen-winterhinweise-und-mehr-platz-fuer-eure-urlaubsplanung\/","url":"https:\/\/gruene-flotte.com\/carsharing\/2026\/03\/02\/neue-stationen-winterhinweise-und-mehr-platz-fuer-eure-urlaubsplanung\/","name":"Flottenupdate - Gr\u00fcne Flotte Carsharing","isPartOf":{"@id":"https:\/\/gruene-flotte.com\/carsharing\/#website"},"primaryImageOfPage":{"@id":"https:\/\/gruene-flotte.com\/carsharing\/2026\/03\/02\/neue-stationen-winterhinweise-und-mehr-platz-fuer-eure-urlaubsplanung\/#primaryimage"},"image":{"@id":"https:\/\/gruene-flotte.com\/carsharing\/2026\/03\/02\/neue-stationen-winterhinweise-und-mehr-platz-fuer-eure-urlaubsplanung\/#primaryimage"},"thumbnailUrl":"https:\/\/gruene-flotte.com\/carsharing\/wp-content\/uploads\/sites\/5\/2026\/03\/Flotten-Update-Februar-26-in-App.png","datePublished":"2026-03-02T14:05:00+00:00","dateModified":"2026-03-02T14:15:08+00:00","description":"Unsere neuen Carsharing Fahrzeuge sind absofort \"Smartphone Only\". Diese Fahrzeuge k\u00f6nnen nur mit dem Smartphone ge\u00f6ffnet werden.","breadcrumb":{"@id":"https:\/\/gruene-flotte.com\/carsharing\/2026\/03\/02\/neue-stationen-winterhinweise-und-mehr-platz-fuer-eure-urlaubsplanung\/#breadcrumb"},"inLanguage":"de","potentialAction":[{"@type":"ReadAction","target":["https:\/\/gruene-flotte.com\/carsharing\/2026\/03\/02\/neue-stationen-winterhinweise-und-mehr-platz-fuer-eure-urlaubsplanung\/"]}]},{"@type":"ImageObject","inLanguage":"de","@id":"https:\/\/gruene-flotte.com\/carsharing\/2026\/03\/02\/neue-stationen-winterhinweise-und-mehr-platz-fuer-eure-urlaubsplanung\/#primaryimage","url":"https:\/\/gruene-flotte.com\/carsharing\/wp-content\/uploads\/sites\/5\/2026\/03\/Flotten-Update-Februar-26-in-App.png","contentUrl":"https:\/\/gruene-flotte.com\/carsharing\/wp-content\/uploads\/sites\/5\/2026\/03\/Flotten-Update-Februar-26-in-App.png","width":1080,"height":608},{"@type":"BreadcrumbList","@id":"https:\/\/gruene-flotte.com\/carsharing\/2026\/03\/02\/neue-stationen-winterhinweise-und-mehr-platz-fuer-eure-urlaubsplanung\/#breadcrumb","itemListElement":[{"@type":"ListItem","position":1,"name":"Startseite","item":"https:\/\/gruene-flotte.com\/carsharing\/"},{"@type":"ListItem","position":2,"name":"Neue Stationen, Winterhinweise und mehr Platz f\u00fcr eure Urlaubsplanung"}]},{"@type":"WebSite","@id":"https:\/\/gruene-flotte.com\/carsharing\/#website","url":"https:\/\/gruene-flotte.com\/carsharing\/","name":"Gr\u00fcne Flotte Carsharing","description":"Flexibel. Nachhaltig. Mobil.","publisher":{"@id":"https:\/\/gruene-flotte.com\/carsharing\/#organization"},"potentialAction":[{"@type":"SearchAction","target":{"@type":"EntryPoint","urlTemplate":"https:\/\/gruene-flotte.com\/carsharing\/?s={search_term_string}"},"query-input":{"@type":"PropertyValueSpecification","valueRequired":true,"valueName":"search_term_string"}}],"inLanguage":"de"},{"@type":"Organization","@id":"https:\/\/gruene-flotte.com\/carsharing\/#organization","name":"Gr\u00fcne Flotte Carsharing","url":"https:\/\/gruene-flotte.com\/carsharing\/","logo":{"@type":"ImageObject","inLanguage":"de","@id":"https:\/\/gruene-flotte.com\/carsharing\/#\/schema\/logo\/image\/","url":"https:\/\/gruene-flotte.com\/carsharing\/wp-content\/uploads\/sites\/5\/2023\/08\/carsharing-gruene-flotte-unternehmen-firmen.jpg","contentUrl":"https:\/\/gruene-flotte.com\/carsharing\/wp-content\/uploads\/sites\/5\/2023\/08\/carsharing-gruene-flotte-unternehmen-firmen.jpg","width":1920,"height":1280,"caption":"Gr\u00fcne Flotte Carsharing"},"image":{"@id":"https:\/\/gruene-flotte.com\/carsharing\/#\/schema\/logo\/image\/"}},{"@type":"Person","@id":"https:\/\/gruene-flotte.com\/carsharing\/#\/schema\/person\/166eb9c5ff6965d0382a546b6801bb20","name":"khri8","image":{"@type":"ImageObject","inLanguage":"de","@id":"https:\/\/gruene-flotte.com\/carsharing\/#\/schema\/person\/image\/","url":"https:\/\/secure.gravatar.com\/avatar\/db448a9e7ff7d6ac241e69e1dd321095?s=96&d=mm&r=g","contentUrl":"https:\/\/secure.gravatar.com\/avatar\/db448a9e7ff7d6ac241e69e1dd321095?s=96&d=mm&r=g","caption":"khri8"},"url":"https:\/\/gruene-flotte.com\/carsharing\/author\/khri8\/"}]}},"_links":{"self":[{"href":"https:\/\/gruene-flotte.com\/carsharing\/wp-json\/wp\/v2\/posts\/33978","targetHints":{"allow":["GET"]}}],"collection":[{"href":"https:\/\/gruene-flotte.com\/carsharing\/wp-json\/wp\/v2\/posts"}],"about":[{"href":"https:\/\/gruene-flotte.com\/carsharing\/wp-json\/wp\/v2\/types\/post"}],"author":[{"embeddable":true,"href":"https:\/\/gruene-flotte.com\/carsharing\/wp-json\/wp\/v2\/users\/3"}],"replies":[{"embeddable":true,"href":"https:\/\/gruene-flotte.com\/carsharing\/wp-json\/wp\/v2\/comments?post=33978"}],"version-history":[{"count":2,"href":"https:\/\/gruene-flotte.com\/carsharing\/wp-json\/wp\/v2\/posts\/33978\/revisions"}],"predecessor-version":[{"id":33982,"href":"https:\/\/gruene-flotte.com\/carsharing\/wp-json\/wp\/v2\/posts\/33978\/revisions\/33982"}],"wp:featuredmedia":[{"embeddable":true,"href":"https:\/\/gruene-flotte.com\/carsharing\/wp-json\/wp\/v2\/media\/33979"}],"wp:attachment":[{"href":"https:\/\/gruene-flotte.com\/carsharing\/wp-json\/wp\/v2\/media?parent=33978"}],"wp:term":[{"taxonomy":"category","embeddable":true,"href":"https:\/\/gruene-flotte.com\/carsharing\/wp-json\/wp\/v2\/categories?post=33978"},{"taxonomy":"post_tag","embeddable":true,"href":"https:\/\/gruene-flotte.com\/carsharing\/wp-json\/wp\/v2\/tags?post=33978"}],"curies":[{"name":"wp","href":"https:\/\/api.w.org\/{rel}","templated":true}]}}